{"id":20235,"date":"2025-06-03T19:34:35","date_gmt":"2025-06-03T17:34:35","guid":{"rendered":"https:\/\/www.grupguell.es\/?p=20235"},"modified":"2025-06-03T19:36:18","modified_gmt":"2025-06-03T17:36:18","slug":"conveni-de-col%c2%b7laboracio-a-traves-de-la-fundacio-guillem-cifre-de-colonya","status":"publish","type":"post","link":"https:\/\/www.grupguell.es\/en\/conveni-de-col%c2%b7laboracio-a-traves-de-la-fundacio-guillem-cifre-de-colonya\/","title":{"rendered":"Conveni de col\u00b7laboraci\u00f3 a trav\u00e9s de la Fundaci\u00f3 Guillem Cifre de Colonya"},"content":{"rendered":"\n<iframe loading=\"lazy\" src=\"https:\/\/www.facebook.com\/plugins\/post.php?href=https%3A%2F%2Fwww.facebook.com%2Fdesguellallucapeu%2Fposts%2Fpfbid02NeAd9AVrb2Gm9cJiF7YwjRCJkktNb1ieNDMLyrAXucjs9YXWeGN23AUpJeJQS8al&#038;show_text=true&#038;width=500\" width=\"500\" height=\"250\" style=\"border:none;overflow:hidden\" scrolling=\"no\" frameborder=\"0\" allowfullscreen=\"true\" allow=\"autoplay; clipboard-write; encrypted-media; picture-in-picture; web-share\"><\/iframe>\n\n\n\n<p>Colonya i el <a href=\"https:\/\/www.facebook.com\/desguellallucapeu?__cft__[0]=AZU8Un6NU-gHfd6PJstSVabrm3AHb4akNEdBw3Aax9JcDIPzsuBp_Xp5UOvZOatppWVNmpMp5IftNI2UGmVjTNqL2_2SM0JamJNbp6TgQcT_JYPFOg96KJ51rs-6NbJh8Kk-9-t7-iwP2b41eWVu2F28n4WNgHWkABf_QXd-PXeskewGYRecIkb7XAQQvC5WJbLuJw14dRkatLvJt6lZODdFYYkCbrWHg4ip5KrFUWwLgg&amp;__tn__=-]K-y-R\">Grup G\u00fcell &#8211; Marxa des G\u00fcell a Lluc a peu<\/a> hem signat un conveni de col\u00b7laboraci\u00f3 a trav\u00e9s de la Fundaci\u00f3 Guillem Cifre de Colonya, per donar suport a l<a><\/a>es seves iniciatives socials i culturals.<\/p>\n\n\n\n<p>Entre aquestes destaca la tradicional marxa Des G\u00fcell a Lluc a Peu, una cita molt estimada pels mallorquins.<\/p>\n\n\n\n<p>Amb aquest acord, refor\u00e7am el nostre comprom\u00eds amb el teixit associatiu i amb els projectes que fan de Mallorca una comunitat m\u00e9s cohesionada i participativa.<\/p>\n\n\n\n<p><a href=\"https:\/\/www.facebook.com\/hashtag\/colonya?__eep__=6&amp;__cft__[0]=AZU8Un6NU-gHfd6PJstSVabrm3AHb4akNEdBw3Aax9JcDIPzsuBp_Xp5UOvZOatppWVNmpMp5IftNI2UGmVjTNqL2_2SM0JamJNbp6TgQcT_JYPFOg96KJ51rs-6NbJh8Kk-9-t7-iwP2b41eWVu2F28n4WNgHWkABf_QXd-PXeskewGYRecIkb7XAQQvC5WJbLuJw14dRkatLvJt6lZODdFYYkCbrWHg4ip5KrFUWwLgg&amp;__tn__=*NK-y-R\">#Colonya<\/a><a href=\"https:\/\/www.facebook.com\/hashtag\/fundacioguillemcifredecolonya?__eep__=6&amp;__cft__[0]=AZU8Un6NU-gHfd6PJstSVabrm3AHb4akNEdBw3Aax9JcDIPzsuBp_Xp5UOvZOatppWVNmpMp5IftNI2UGmVjTNqL2_2SM0JamJNbp6TgQcT_JYPFOg96KJ51rs-6NbJh8Kk-9-t7-iwP2b41eWVu2F28n4WNgHWkABf_QXd-PXeskewGYRecIkb7XAQQvC5WJbLuJw14dRkatLvJt6lZODdFYYkCbrWHg4ip5KrFUWwLgg&amp;__tn__=*NK-y-R\">#FundacioGuillemCifreDeColonya<\/a><a href=\"https:\/\/www.facebook.com\/hashtag\/g%C3%BCellallucapeu?__eep__=6&amp;__cft__[0]=AZU8Un6NU-gHfd6PJstSVabrm3AHb4akNEdBw3Aax9JcDIPzsuBp_Xp5UOvZOatppWVNmpMp5IftNI2UGmVjTNqL2_2SM0JamJNbp6TgQcT_JYPFOg96KJ51rs-6NbJh8Kk-9-t7-iwP2b41eWVu2F28n4WNgHWkABf_QXd-PXeskewGYRecIkb7XAQQvC5WJbLuJw14dRkatLvJt6lZODdFYYkCbrWHg4ip5KrFUWwLgg&amp;__tn__=*NK-y-R\">#G\u00fcellALlucAPeu<\/a><\/p>\n","protected":false},"excerpt":{"rendered":"<p>Colonya i el Grup G\u00fcell &#8211; Marxa des G\u00fcell a Lluc a peu hem signat un conveni de col\u00b7laboraci\u00f3 a trav\u00e9s de la Fundaci\u00f3 Guillem Cifre de Colonya, per donar suport a les seves iniciatives socials i culturals. Entre aquestes destaca la tradicional marxa Des G\u00fcell a Lluc a Peu, una cita molt estimada pels [&hellip;]<\/p>\n","protected":false},"author":25,"featured_media":20236,"comment_status":"closed","ping_status":"closed","sticky":false,"template":"","format":"standard","meta":{"inline_featured_image":false,"footnotes":""},"categories":[55],"tags":[],"class_list":["post-20235","post","type-post","status-publish","format-standard","has-post-thumbnail","hentry","category-eventos"],"_links":{"self":[{"href":"https:\/\/www.grupguell.es\/en\/wp-json\/wp\/v2\/posts\/20235","targetHints":{"allow":["GET"]}}],"collection":[{"href":"https:\/\/www.grupguell.es\/en\/wp-json\/wp\/v2\/posts"}],"about":[{"href":"https:\/\/www.grupguell.es\/en\/wp-json\/wp\/v2\/types\/post"}],"author":[{"embeddable":true,"href":"https:\/\/www.grupguell.es\/en\/wp-json\/wp\/v2\/users\/25"}],"replies":[{"embeddable":true,"href":"https:\/\/www.grupguell.es\/en\/wp-json\/wp\/v2\/comments?post=20235"}],"version-history":[{"count":2,"href":"https:\/\/www.grupguell.es\/en\/wp-json\/wp\/v2\/posts\/20235\/revisions"}],"predecessor-version":[{"id":20240,"href":"https:\/\/www.grupguell.es\/en\/wp-json\/wp\/v2\/posts\/20235\/revisions\/20240"}],"wp:featuredmedia":[{"embeddable":true,"href":"https:\/\/www.grupguell.es\/en\/wp-json\/wp\/v2\/media\/20236"}],"wp:attachment":[{"href":"https:\/\/www.grupguell.es\/en\/wp-json\/wp\/v2\/media?parent=20235"}],"wp:term":[{"taxonomy":"category","embeddable":true,"href":"https:\/\/www.grupguell.es\/en\/wp-json\/wp\/v2\/categories?post=20235"},{"taxonomy":"post_tag","embeddable":true,"href":"https:\/\/www.grupguell.es\/en\/wp-json\/wp\/v2\/tags?post=20235"}],"curies":[{"name":"wp","href":"https:\/\/api.w.org\/{rel}","templated":true}]}}