{"id":15736,"date":"2023-06-29T17:36:33","date_gmt":"2023-06-29T15:36:33","guid":{"rendered":"https:\/\/www.grupguell.es\/nova-edicio-des-guell-a-lluc-a-peu\/"},"modified":"2024-04-19T11:11:14","modified_gmt":"2024-04-19T09:11:14","slug":"nova-edicio-des-guell-a-lluc-a-peu","status":"publish","type":"post","link":"https:\/\/www.grupguell.es\/ca\/nova-edicio-des-guell-a-lluc-a-peu\/","title":{"rendered":"Nova edici\u00f3 des G\u00fcell a Lluc a Peu"},"content":{"rendered":"\n<p>Avui Lourdes Roca i Mercedes Celeste han assistit a la presentaci\u00f3 de la nova edici\u00f3 des G\u00fcell a Lluc a Peu. La marxa enguany celebra el seu 50\u00e8 aniversari. Enhorabona!<\/p>\n\n<p>????Dissabte 5 d&#8217;agost.<\/p>\n","protected":false},"excerpt":{"rendered":"<p>Avui Lourdes Roca i Mercedes Celeste han assistit a la presentaci\u00f3 de la nova edici\u00f3 des G\u00fcell a Lluc a Peu. La marxa enguany celebra el seu 50\u00e8 aniversari. Enhorabona! ????Dissabte 5 d&#8217;agost.<\/p>\n","protected":false},"author":1,"featured_media":15673,"comment_status":"closed","ping_status":"open","sticky":false,"template":"","format":"standard","meta":{"inline_featured_image":false,"footnotes":""},"categories":[49],"tags":[],"class_list":["post-15736","post","type-post","status-publish","format-standard","has-post-thumbnail","hentry","category-sin-categorizar-ca"],"_links":{"self":[{"href":"https:\/\/www.grupguell.es\/ca\/wp-json\/wp\/v2\/posts\/15736","targetHints":{"allow":["GET"]}}],"collection":[{"href":"https:\/\/www.grupguell.es\/ca\/wp-json\/wp\/v2\/posts"}],"about":[{"href":"https:\/\/www.grupguell.es\/ca\/wp-json\/wp\/v2\/types\/post"}],"author":[{"embeddable":true,"href":"https:\/\/www.grupguell.es\/ca\/wp-json\/wp\/v2\/users\/1"}],"replies":[{"embeddable":true,"href":"https:\/\/www.grupguell.es\/ca\/wp-json\/wp\/v2\/comments?post=15736"}],"version-history":[{"count":1,"href":"https:\/\/www.grupguell.es\/ca\/wp-json\/wp\/v2\/posts\/15736\/revisions"}],"predecessor-version":[{"id":15737,"href":"https:\/\/www.grupguell.es\/ca\/wp-json\/wp\/v2\/posts\/15736\/revisions\/15737"}],"wp:featuredmedia":[{"embeddable":true,"href":"https:\/\/www.grupguell.es\/ca\/wp-json\/wp\/v2\/media\/15673"}],"wp:attachment":[{"href":"https:\/\/www.grupguell.es\/ca\/wp-json\/wp\/v2\/media?parent=15736"}],"wp:term":[{"taxonomy":"category","embeddable":true,"href":"https:\/\/www.grupguell.es\/ca\/wp-json\/wp\/v2\/categories?post=15736"},{"taxonomy":"post_tag","embeddable":true,"href":"https:\/\/www.grupguell.es\/ca\/wp-json\/wp\/v2\/tags?post=15736"}],"curies":[{"name":"wp","href":"https:\/\/api.w.org\/{rel}","templated":true}]}}